{"id":5114,"date":"2018-11-21T08:06:32","date_gmt":"2018-11-21T07:06:32","guid":{"rendered":"https:\/\/pro-carro.be\/?p=5114"},"modified":"2018-11-30T14:09:31","modified_gmt":"2018-11-30T13:09:31","slug":"panneaux-de-construction-a-carreler-des-supports-multiples-pour-les-carreaux","status":"publish","type":"post","link":"https:\/\/www.pro-carro.be\/fr\/panneaux-de-construction-a-carreler-des-supports-multiples-pour-les-carreaux\/","title":{"rendered":"Panneaux de construction \u00e0 carreler : des supports multiples pour les carreaux"},"content":{"rendered":"<p>Un panneau de construction \u00e0 carreler peut-\u00eatre d\u00e9fini comme \u00e9tant un panneau dont l&rsquo;\u00e2me est constitu\u00e9e d&rsquo;une mousse rigide et dont les deux faces sont pourvues d&rsquo;un cimentage arm\u00e9 ou d&rsquo;une pellicule adh\u00e9sive pouvant \u00eatre carrel\u00e9. Les possibilit\u00e9s d&rsquo;application de ces panneaux sont nombreuses : construction neuve, r\u00e9novation, plafonds, sols, parois, et ce tant dans des locaux secs que humides. Cet article est consacr\u00e9 \u00e0 leur mise en oeuvre sur des parois et fournit au carreleur des informations sp\u00e9cifiques \u00e0 cet \u00e9gard.<\/p>\n<p>Lien\u00a0: <a href=\"https:\/\/www.cstc.be\/homepage\/index.cfm?cat=publications&amp;sub=search&amp;id=REF00010490\">https:\/\/www.cstc.be\/homepage\/index.cfm?cat=publications&amp;sub=search&amp;id=REF00010490<\/a><\/p>\n","protected":false},"excerpt":{"rendered":"<p>Un panneau de construction \u00e0 carreler peut-\u00eatre d\u00e9fini comme \u00e9tant un panneau dont l&rsquo;\u00e2me est constitu\u00e9e d&rsquo;une mousse rigide et dont les deux faces sont pourvues d&rsquo;un cimentage arm\u00e9 ou d&rsquo;une pellicule adh\u00e9sive pouvant \u00eatre carrel\u00e9. Les possibilit\u00e9s d&rsquo;application de ces panneaux sont nombreuses : construction neuve, r\u00e9novation, plafonds, sols, parois, et ce tant dans [&hellip;]<\/p>\n","protected":false},"author":4,"featured_media":5118,"comment_status":"closed","ping_status":"closed","sticky":false,"template":"","format":"standard","meta":{"_acf_changed":false,"footnotes":""},"categories":[17],"tags":[],"class_list":["post-5114","post","type-post","status-publish","format-standard","has-post-thumbnail","hentry","category-technique"],"acf":[],"aioseo_notices":[],"_links":{"self":[{"href":"https:\/\/www.pro-carro.be\/fr\/wp-json\/wp\/v2\/posts\/5114","targetHints":{"allow":["GET"]}}],"collection":[{"href":"https:\/\/www.pro-carro.be\/fr\/wp-json\/wp\/v2\/posts"}],"about":[{"href":"https:\/\/www.pro-carro.be\/fr\/wp-json\/wp\/v2\/types\/post"}],"author":[{"embeddable":true,"href":"https:\/\/www.pro-carro.be\/fr\/wp-json\/wp\/v2\/users\/4"}],"replies":[{"embeddable":true,"href":"https:\/\/www.pro-carro.be\/fr\/wp-json\/wp\/v2\/comments?post=5114"}],"version-history":[{"count":0,"href":"https:\/\/www.pro-carro.be\/fr\/wp-json\/wp\/v2\/posts\/5114\/revisions"}],"wp:featuredmedia":[{"embeddable":true,"href":"https:\/\/www.pro-carro.be\/fr\/wp-json\/wp\/v2\/media\/5118"}],"wp:attachment":[{"href":"https:\/\/www.pro-carro.be\/fr\/wp-json\/wp\/v2\/media?parent=5114"}],"wp:term":[{"taxonomy":"category","embeddable":true,"href":"https:\/\/www.pro-carro.be\/fr\/wp-json\/wp\/v2\/categories?post=5114"},{"taxonomy":"post_tag","embeddable":true,"href":"https:\/\/www.pro-carro.be\/fr\/wp-json\/wp\/v2\/tags?post=5114"}],"curies":[{"name":"wp","href":"https:\/\/api.w.org\/{rel}","templated":true}]}}